{"id":42640,"date":"2024-07-01T07:55:38","date_gmt":"2024-07-01T06:55:38","guid":{"rendered":"https:\/\/jornalproenca.pt\/?p=42640"},"modified":"2025-07-08T23:15:10","modified_gmt":"2025-07-08T22:15:10","slug":"saudoso-padre-armando","status":"publish","type":"post","link":"https:\/\/cpps.pt\/en\/saudoso-padre-armando\/","title":{"rendered":"Late Father Armando"},"content":{"rendered":"<p>On July 7th, we will celebrate 50 years since the Priestly Ordination of my dear and late brother.<a href=\"https:\/\/jornalproenca.pt\/c\/igreja\/preciosissimo-sangue\/\" target=\"_blank\" rel=\"noopener noreferrer\" title=\"\"> Father Armando<\/a>!<\/p>\n\n\n\n<p>If he were still among us we would undoubtedly celebrate happily with his brother priests. <a href=\"https:\/\/www.cppsmissionaries.org\/\" target=\"_blank\" rel=\"noopener noreferrer\" title=\"\">Congregation of the Most Precious Blood<\/a>, with his living brothers, with his friends... But God took him to be with Him and we, aware that with Him, our Father Armando watches over us, cannot let such a wonderful date pass by unnoticed!<\/p>\n\n\n\n<div class=\"wp-block-image is-style-rounded\"><figure class=\"alignright size-large is-resized\"><img fetchpriority=\"high\" decoding=\"async\" src=\"https:\/\/jornalproenca.pt\/wp-content\/uploads\/2024\/06\/padre-armando-_-1.jpg\" alt=\"\" class=\"wp-image-42643\" width=\"245\" height=\"397\"\/><figcaption>Father Armando Tavares, CPPS, Parish Priest of Proen\u00e7a-a-Nova, Peral and S\u00e3o Pedro do Esteval<\/figcaption><\/figure><\/div>\n\n\n\n<p>His body is not with us but his spirit remains!<\/p>\n\n\n\n<p>And we must remember and celebrate the enormous grace the Lord granted us by having a priest as a brother! In the year of his departure to the Father, all of us (his family) congratulated him profusely on his birthday... but because concerns for his health overshadowed everything else... we all forgot to congratulate him on the anniversary of his priestly ordination. And that was unforgivable. He was very, very sad! And I still blame myself for that oversight.<\/p>\n\n\n\n<p>For Father Armando, there was nothing more important than being a Priest!<\/p>\n\n\n\n<p>He loved life. He loved his mission. He loved people and gave his heart and soul to it!<\/p>\n\n\n\n<p>For all this, and despite the fact that he has already left, and many have even forgotten him, I, his younger sister, want to remind you that he is and will always be, for us, a beloved presence in our hearts; and that, believing in the communication of the saints (as we pray in the Creed) he is and will always be our intermediary with the Father!<\/p>\n\n\n\n<div class=\"wp-block-image is-style-rounded\"><figure class=\"aligncenter size-large\"><img decoding=\"async\" src=\"https:\/\/jornalproenca.pt\/wp-content\/uploads\/2024\/06\/cpps.jpg\" alt=\"\" class=\"wp-image-42645\"\/><figcaption>2005: Provincial Assembly of the Missionaries of the Most Precious Blood in C\u00e1ceres<\/figcaption><\/figure><\/div>\n\n\n\n<p>I have the habit of cutting out significant articles from the Jornal de Proen\u00e7a, and among them, of course, those written by our Father Armando, and last week, while rearranging them, I found one, published in the newspaper on 10\/09\/2008, entitled: \u201c<strong>God is good to me<\/strong>&#8230;&#8221;<\/p>\n\n\n\n<p>Then, he says, he was diagnosed with a recurrence of liver cancer and the need for new surgery... In the last part of the article he wrote:..<\/p>\n\n\n\n<blockquote class=\"wp-block-quote is-layout-flow wp-block-quote-is-layout-flow\"><p> &#8220;<strong>This time the operation was much more difficult and there were post-operative complications. Despite this, I&#039;m well again, calm, and with a strong will to live. <\/strong><\/p><p><strong>It was yet another delightful manifestation of God&#039;s presence in my life, into whose hands I have entrusted myself and continue to entrust myself. <\/strong><\/p><p><strong>He continues to be good to me and my journey through this new experience was once again marked by serenity and profound peace. <\/strong><\/p><p><strong>May He be praised, and may His blessings be showered upon the many friends who have been and are with me during these difficult times. Thank you all.<\/strong> &#8220;&#8230;<\/p><cite><em>(sic)<\/em><\/cite><\/blockquote>\n\n\n\n<figure class=\"wp-block-gallery columns-2 is-cropped wp-block-gallery-1 is-layout-flex wp-block-gallery-is-layout-flex\"><ul class=\"blocks-gallery-grid\"><li class=\"blocks-gallery-item\"><figure><a href=\"https:\/\/jornalproenca.pt\/wp-content\/uploads\/2024\/06\/armando-tavares-e-a-juventude.jpg\"><img decoding=\"async\" src=\"https:\/\/jornalproenca.pt\/wp-content\/uploads\/2024\/06\/armando-tavares-e-a-juventude.jpg\" alt=\"\" data-id=\"42646\" data-full-url=\"https:\/\/jornalproenca.pt\/wp-content\/uploads\/2024\/06\/armando-tavares-e-a-juventude.jpg\" data-link=\"https:\/\/jornalproenca.pt\/?attachment_id=42646\" class=\"wp-image-42646\"\/><\/a><\/figure><\/li><li class=\"blocks-gallery-item\"><figure><a href=\"https:\/\/jornalproenca.pt\/wp-content\/uploads\/2024\/06\/padre-armando-convivios-fraternos-e-EMRC.jpg\"><img decoding=\"async\" src=\"https:\/\/jornalproenca.pt\/wp-content\/uploads\/2024\/06\/padre-armando-convivios-fraternos-e-EMRC.jpg\" alt=\"\" data-id=\"42647\" data-full-url=\"https:\/\/jornalproenca.pt\/wp-content\/uploads\/2024\/06\/padre-armando-convivios-fraternos-e-EMRC.jpg\" data-link=\"https:\/\/jornalproenca.pt\/?attachment_id=42647\" class=\"wp-image-42647\"\/><\/a><\/figure><\/li><\/ul><figcaption class=\"blocks-gallery-caption\">Father Armando and the Young People: in EMRC Classes, at Fraternal Gatherings and at the \u201cDiscovery\u201d Holiday Camps<\/figcaption><\/figure>\n\n\n\n<p><\/p>\n\n\n\n<p>Today, as I remember your Priestly Ordination, I also want to thank again those many friends who were always present!<\/p>\n\n\n\n<p>May your life always be blessed, serene and filled with peace!<\/p>\n\n\n\n<p>Thank you all. <\/p>\n\n\n\n<div class=\"wp-block-image is-style-rounded\"><figure class=\"aligncenter size-large\"><img decoding=\"async\" src=\"https:\/\/jornalproenca.pt\/wp-content\/uploads\/2024\/06\/padre-armando1.jpg\" alt=\"\" class=\"wp-image-42641\"\/><figcaption>Father Armando Tavares, CPPS<\/figcaption><\/figure><\/div>\n\n\n\n<p>And may there be a celebration in Heaven and in our hearts for the 50th anniversary of the Priestly Ordination of our late and beloved Father Armando Tavares (CPPS).&nbsp;&nbsp; &nbsp; &nbsp; &nbsp; &nbsp; &nbsp; &nbsp; &nbsp; &nbsp; &nbsp; &nbsp; &nbsp; &nbsp; &nbsp; &nbsp; &nbsp;<\/p>\n\n\n\n<p class=\"has-text-align-right\"><em>*M. Isabel Tavares A. Christopher<\/em><\/p>","protected":false},"excerpt":{"rendered":"<p>No pr\u00f3ximo dia 7 de Julho, celebram-se 50 anos da Ordena\u00e7\u00e3o Sacerdotal do meu querido e saudoso irm\u00e3o Padre Armando! Se ainda estivesse entre n\u00f3s ir\u00edamos sem d\u00favida festejar alegremente com os seus irm\u00e3os padres da Congrega\u00e7\u00e3o do Precios\u00edssimo Sangue, com os seus irm\u00e3os vivos, com os amigos&#8230; Mas&nbsp;Deus levou-o para junto de Si e [&hellip;]<\/p>","protected":false},"author":2,"featured_media":49615,"comment_status":"open","ping_status":"open","sticky":false,"template":"","format":"standard","meta":{"iawp_total_views":1,"footnotes":""},"categories":[43],"tags":[],"class_list":["post-42640","post","type-post","status-publish","format-standard","has-post-thumbnail","hentry","category-preciosissimo-sangue"],"_links":{"self":[{"href":"https:\/\/cpps.pt\/en\/wp-json\/wp\/v2\/posts\/42640"}],"collection":[{"href":"https:\/\/cpps.pt\/en\/wp-json\/wp\/v2\/posts"}],"about":[{"href":"https:\/\/cpps.pt\/en\/wp-json\/wp\/v2\/types\/post"}],"author":[{"embeddable":true,"href":"https:\/\/cpps.pt\/en\/wp-json\/wp\/v2\/users\/2"}],"replies":[{"embeddable":true,"href":"https:\/\/cpps.pt\/en\/wp-json\/wp\/v2\/comments?post=42640"}],"version-history":[{"count":1,"href":"https:\/\/cpps.pt\/en\/wp-json\/wp\/v2\/posts\/42640\/revisions"}],"predecessor-version":[{"id":49616,"href":"https:\/\/cpps.pt\/en\/wp-json\/wp\/v2\/posts\/42640\/revisions\/49616"}],"wp:featuredmedia":[{"embeddable":true,"href":"https:\/\/cpps.pt\/en\/wp-json\/wp\/v2\/media\/49615"}],"wp:attachment":[{"href":"https:\/\/cpps.pt\/en\/wp-json\/wp\/v2\/media?parent=42640"}],"wp:term":[{"taxonomy":"category","embeddable":true,"href":"https:\/\/cpps.pt\/en\/wp-json\/wp\/v2\/categories?post=42640"},{"taxonomy":"post_tag","embeddable":true,"href":"https:\/\/cpps.pt\/en\/wp-json\/wp\/v2\/tags?post=42640"}],"curies":[{"name":"wp","href":"https:\/\/api.w.org\/{rel}","templated":true}]}}