{"id":50824,"date":"2026-01-01T06:00:00","date_gmt":"2026-01-01T06:00:00","guid":{"rendered":"https:\/\/cpps.pt\/?p=50824"},"modified":"2026-01-03T10:07:23","modified_gmt":"2026-01-03T10:07:23","slug":"dia-mundial-da-paz","status":"publish","type":"post","link":"https:\/\/cpps.pt\/en\/dia-mundial-da-paz\/","title":{"rendered":"World Day of Peace"},"content":{"rendered":"<p>The first day of the year is World Peace Day. Pope Leo XIV began his pontificate by calling the world to peace. This is a great challenge because humanity is experiencing many extremely violent and inhumane wars, with atrocities against life, property, and world fraternity. Therefore, the theme of this day is very powerful: &nbsp;<strong><em>Peace be with you all. Towards an unarmed and disarming peace.<\/em><\/strong>. And he reinforces: \u201cThis is the peace of the resurrected Christ, an unarmed and disarming peace, humble and persevering. It comes from God, the God who loves us all unconditionally.\u201d.<\/p>\n\n\n\n<figure class=\"wp-block-image size-full\"><img fetchpriority=\"high\" decoding=\"async\" width=\"900\" height=\"537\" src=\"https:\/\/cpps.pt\/wp-content\/uploads\/2026\/01\/54.jpg?wsr\" alt=\"\" class=\"wp-image-50827\" srcset=\"https:\/\/cpps.pt\/wp-content\/uploads\/2026\/01\/54.jpg 900w, https:\/\/cpps.pt\/wp-content\/uploads\/2026\/01\/54-768x458.jpg 768w, https:\/\/cpps.pt\/wp-content\/uploads\/2026\/01\/54-18x12.jpg 18w\" sizes=\"(max-width: 900px) 100vw, 900px\" \/><\/figure>\n\n\n\n<p>A primary human attitude to consider: \u201cto see the light and believe in it,\u201d this light must overcome the darkness. \u201cPeace exists, it desires to dwell within us, it has the gentle power to illuminate and broaden our understanding, it resists violence and conquers it. Peace has the breath of eternity: while evil is commanded \u201cenough!\u201d, peace is pleaded for \u201cforever.\u201d The Risen One has introduced us to this horizon.\u201d There is no need to be afraid, \u201clet us open ourselves to peace!\u201d.<\/p>\n\n\n\n<p>Even when overwhelmed by a sense of powerlessness, let us not resort to violence and weapons, but rather to attitudes of disarmament and disarming. Humanity needs to focus on Christ and learn from Him: \u201cThe peace of the resurrected Jesus is disarmed, because his struggle was disarmed, within precise historical, political, and social circumstances. Christians must, together, become prophetic witnesses of this new reality, aware of the tragedies in which they have often been complicit.\u201d. &nbsp;<\/p>\n\n\n\n<p>Currently, there is a desire to convey the idea that we are constantly under threat, hence the decisions of countries to defend themselves and seek security through armament. The use of weapons generates a &quot;spiral of destruction,&quot; with weapons being used for the greatest atrocities and crimes. &quot;So that this may never happen, the Bishops of the whole world, gathered together, implore everyone, especially governments and military leaders, to constantly consider their great responsibility before God and humanity.&quot; It is necessary to &quot;join efforts to contribute mutually to a disarming peace, a peace that is born from openness and evangelical humility.&quot;.<\/p>\n\n\n\n<h2 class=\"wp-block-heading\">Kindness is disarming.<\/h2>\n\n\n\n<p><em>\u201c<\/em>&quot;Kindness is disarming.&quot; In turn, &quot;human frailty has the power to make us more lucid about what lasts and what passes, what gives life and what kills. Perhaps that is why we so often tend to deny limits and flee from fragile and wounded people: they have the power to question the direction we choose, as individuals and as a community,&quot; quoting Pope Francis.<\/p>\n\n\n\n<p>The Church is involved in building peace. For complete disarmament to occur, a \u201crenewal of the heart and mind\u201d is fundamental. Everything must begin within man. But it must also be recognized that \u201cjustice and human dignity are, more than ever, exposed to power imbalances among the strongest.\u201d \u201cUnfortunately, it is increasingly part of the contemporary landscape to drag the words of faith into political conflict, to bless nationalism, and to religiously justify violence and armed struggle. The faithful must actively refute, first and foremost with their lives, these forms of blasphemy that obscure the Holy Name of God\u2026 Throughout the world, it is desirable that \u00abevery community becomes a \u201chouse of peace,\u201d where one learns to neutralize hostility through dialogue, where justice is practiced, and forgiveness is preserved.\u00bb Another strategy involves \u201cthe development of conscious civil societies, forms of responsible association, experiences of non-violent participation, and restorative justice practices on a small and large scale.\u201d.&nbsp;<\/p>\n\n\n\n<p>Let these words of Pope Leo XIV inspire us to be builders of peace and harmony, following Christ who is the Prince of Peace.<\/p>\n\n\n\n<p>Adapted from:<\/p>\n\n\n\n<p><a href=\"https:\/\/www.vatican.va\/content\/leo-xiv\/pt\/events\/event.dir.html\/content\/vaticanevents\/pt\/2025\/12\/18\/messaggio-pace.html#:~:text=Mensagem%20do%20Santo%20Padre%20Le%C3%A3o%20XIV%20para%20o%20LIX%20Dia%20Mundial%20da%20Paz%202026%20%5B1%20de%20janeiro%20de%202026%5D\">https:\/\/www.vatican.va\/content\/leo-xiv\/pt\/events\/event.dir.html\/content\/vaticanevents\/pt\/2025\/12\/18\/messaggio-pace.html#:~:text=Mensagem%20do%20Santo%20Padre%20Le%C3%A3o%20XIV%20para%20o%20LIX%20Dia%20Mundial%20da%20Paz%202026%20%5B1%20de%20janeiro%20de%202026%5D<\/a><\/p>\n\n\n\n<p><\/p>","protected":false},"excerpt":{"rendered":"<p>O primeiro dia do ano \u00e9 o Dia Mundial da Paz. O Papa Le\u00e3o XIV iniciou o seu pontificado chamando o mundo para a paz. \u00c9 um grande desafio pois a humanidade est\u00e1 a viver muitas situa\u00e7\u00f5es de guerra extremamente violenta, desumana, com atrocidades contra a vida, os bens, a fraternidade mundial. Por isso \u00e9 [&hellip;]<\/p>","protected":false},"author":3,"featured_media":50825,"comment_status":"open","ping_status":"open","sticky":false,"template":"","format":"standard","meta":{"iawp_total_views":4,"footnotes":""},"categories":[94],"tags":[70,92,107,93],"class_list":["post-50824","post","type-post","status-publish","format-standard","has-post-thumbnail","hentry","category-espiritualidade","tag-missionarios-cpps","tag-missionarios-do-preciosissimo-sangue","tag-paz","tag-provincia-iberica-cpps"],"_links":{"self":[{"href":"https:\/\/cpps.pt\/en\/wp-json\/wp\/v2\/posts\/50824"}],"collection":[{"href":"https:\/\/cpps.pt\/en\/wp-json\/wp\/v2\/posts"}],"about":[{"href":"https:\/\/cpps.pt\/en\/wp-json\/wp\/v2\/types\/post"}],"author":[{"embeddable":true,"href":"https:\/\/cpps.pt\/en\/wp-json\/wp\/v2\/users\/3"}],"replies":[{"embeddable":true,"href":"https:\/\/cpps.pt\/en\/wp-json\/wp\/v2\/comments?post=50824"}],"version-history":[{"count":4,"href":"https:\/\/cpps.pt\/en\/wp-json\/wp\/v2\/posts\/50824\/revisions"}],"predecessor-version":[{"id":50833,"href":"https:\/\/cpps.pt\/en\/wp-json\/wp\/v2\/posts\/50824\/revisions\/50833"}],"wp:featuredmedia":[{"embeddable":true,"href":"https:\/\/cpps.pt\/en\/wp-json\/wp\/v2\/media\/50825"}],"wp:attachment":[{"href":"https:\/\/cpps.pt\/en\/wp-json\/wp\/v2\/media?parent=50824"}],"wp:term":[{"taxonomy":"category","embeddable":true,"href":"https:\/\/cpps.pt\/en\/wp-json\/wp\/v2\/categories?post=50824"},{"taxonomy":"post_tag","embeddable":true,"href":"https:\/\/cpps.pt\/en\/wp-json\/wp\/v2\/tags?post=50824"}],"curies":[{"name":"wp","href":"https:\/\/api.w.org\/{rel}","templated":true}]}}