{"id":51018,"date":"2026-03-09T06:00:00","date_gmt":"2026-03-09T06:00:00","guid":{"rendered":"https:\/\/cpps.pt\/?p=51018"},"modified":"2026-03-08T09:18:05","modified_gmt":"2026-03-08T09:18:05","slug":"parar-fazer-silencio-rezar","status":"publish","type":"post","link":"https:\/\/cpps.pt\/en\/parar-fazer-silencio-rezar\/","title":{"rendered":"Stop, be silent, pray."},"content":{"rendered":"<p>The Missionaries of the Most Precious Blood, Iberian Province, gathered for a Lenten retreat. From March 2nd to 5th, in Fatima, there was time for fellowship, reflection, prayer, and joyful celebration of the great gift of vocation, deeply marked by the spirituality of the Most Precious Blood.<\/p>\n\n\n\n<figure class=\"wp-block-image size-full\"><img fetchpriority=\"high\" decoding=\"async\" width=\"900\" height=\"801\" src=\"https:\/\/cpps.pt\/wp-content\/uploads\/2026\/03\/Reti1.jpg?wsr\" alt=\"\" class=\"wp-image-51019\" srcset=\"https:\/\/cpps.pt\/wp-content\/uploads\/2026\/03\/Reti1.jpg 900w, https:\/\/cpps.pt\/wp-content\/uploads\/2026\/03\/Reti1-768x684.jpg 768w, https:\/\/cpps.pt\/wp-content\/uploads\/2026\/03\/Reti1-13x12.jpg 13w\" sizes=\"(max-width: 900px) 100vw, 900px\" \/><\/figure>\n\n\n\n<p>The workshops were led by Father C\u00e9lio, CPPS of the Latin American Province. The reflection focused on the values that the congregation is called to live out globally. <\/p>\n\n\n\n<p>In conclusion, a profound encounter with the Word of God is fundamental so that a constant rebirth may take place in every community, in every province, in the Church...<\/p>","protected":false},"excerpt":{"rendered":"<p>Os Mission\u00e1rios do Precios\u00edssimo Sangue, Prov\u00edncia Ib\u00e9rica, estiveram reunidos em retiro quaresmal. De 2 a 5 de Mar\u00e7o, em F\u00e1tima, houve tempo para conviver, reflectir, rezar, celebrar com alegria o grande dom da voca\u00e7\u00e3o marcada profundamente pela espiritualidade do Precios\u00edssimo Sangue. Os trabalhos foram orientados pelo Padre C\u00e9lio, CPPS da Prov\u00edncia Latino-Americana. A reflex\u00e3o esteve [&hellip;]<\/p>","protected":false},"author":3,"featured_media":51021,"comment_status":"open","ping_status":"open","sticky":false,"template":"","format":"standard","meta":{"iawp_total_views":5,"footnotes":""},"categories":[43,139,122],"tags":[92,93],"class_list":["post-51018","post","type-post","status-publish","format-standard","has-post-thumbnail","hentry","category-preciosissimo-sangue","category-quaresma","category-vida-consagrada","tag-missionarios-do-preciosissimo-sangue","tag-provincia-iberica-cpps"],"_links":{"self":[{"href":"https:\/\/cpps.pt\/en\/wp-json\/wp\/v2\/posts\/51018"}],"collection":[{"href":"https:\/\/cpps.pt\/en\/wp-json\/wp\/v2\/posts"}],"about":[{"href":"https:\/\/cpps.pt\/en\/wp-json\/wp\/v2\/types\/post"}],"author":[{"embeddable":true,"href":"https:\/\/cpps.pt\/en\/wp-json\/wp\/v2\/users\/3"}],"replies":[{"embeddable":true,"href":"https:\/\/cpps.pt\/en\/wp-json\/wp\/v2\/comments?post=51018"}],"version-history":[{"count":1,"href":"https:\/\/cpps.pt\/en\/wp-json\/wp\/v2\/posts\/51018\/revisions"}],"predecessor-version":[{"id":51020,"href":"https:\/\/cpps.pt\/en\/wp-json\/wp\/v2\/posts\/51018\/revisions\/51020"}],"wp:featuredmedia":[{"embeddable":true,"href":"https:\/\/cpps.pt\/en\/wp-json\/wp\/v2\/media\/51021"}],"wp:attachment":[{"href":"https:\/\/cpps.pt\/en\/wp-json\/wp\/v2\/media?parent=51018"}],"wp:term":[{"taxonomy":"category","embeddable":true,"href":"https:\/\/cpps.pt\/en\/wp-json\/wp\/v2\/categories?post=51018"},{"taxonomy":"post_tag","embeddable":true,"href":"https:\/\/cpps.pt\/en\/wp-json\/wp\/v2\/tags?post=51018"}],"curies":[{"name":"wp","href":"https:\/\/api.w.org\/{rel}","templated":true}]}}