{"id":42640,"date":"2024-07-01T07:55:38","date_gmt":"2024-07-01T06:55:38","guid":{"rendered":"https:\/\/jornalproenca.pt\/?p=42640"},"modified":"2025-07-08T23:15:10","modified_gmt":"2025-07-08T22:15:10","slug":"saudoso-padre-armando","status":"publish","type":"post","link":"https:\/\/cpps.pt\/es\/saudoso-padre-armando\/","title":{"rendered":"Difunto padre Armando"},"content":{"rendered":"<p>El pr\u00f3ximo 7 de julio celebraremos los 50 a\u00f1os de la ordenaci\u00f3n sacerdotal de mi querido y difunto hermano.<a href=\"https:\/\/jornalproenca.pt\/c\/igreja\/preciosissimo-sangue\/\" target=\"_blank\" rel=\"noopener noreferrer\" title=\"\"> Padre Armando<\/a>!<\/p>\n\n\n\n<p>Si todav\u00eda estuviese entre nosotros, sin duda celebrar\u00edamos felizmente con sus hermanos sacerdotes. <a href=\"https:\/\/www.cppsmissionaries.org\/\" target=\"_blank\" rel=\"noopener noreferrer\" title=\"\">Congregaci\u00f3n de la Precios\u00edsima Sangre<\/a>, con sus hermanos vivos, con sus amigos... Pero Dios se lo llev\u00f3 para estar con \u00c9l y nosotros, conscientes de que con \u00c9l, nuestro Padre Armando vela por nosotros, no podemos dejar pasar desapercibida una fecha tan maravillosa!<\/p>\n\n\n\n<div class=\"wp-block-image is-style-rounded\"><figure class=\"alignright size-large is-resized\"><img fetchpriority=\"high\" decoding=\"async\" src=\"https:\/\/jornalproenca.pt\/wp-content\/uploads\/2024\/06\/padre-armando-_-1.jpg\" alt=\"\" class=\"wp-image-42643\" width=\"245\" height=\"397\"\/><figcaption>Padre Armando Tavares, CPPS, P\u00e1rroco de Proen\u00e7a-a-Nova, Peral y S\u00e3o Pedro do Esteval<\/figcaption><\/figure><\/div>\n\n\n\n<p>\u00a1Su cuerpo no est\u00e1 con nosotros pero su esp\u00edritu permanece!<\/p>\n\n\n\n<p>\u00a1Y debemos recordar y celebrar la enorme gracia que el Se\u00f1or nos concedi\u00f3 al tener un sacerdote como hermano! El a\u00f1o de su partida al Padre, todos (su familia) lo felicitamos efusivamente por su cumplea\u00f1os... pero como la preocupaci\u00f3n por su salud lo eclips\u00f3 todo, olvidamos felicitarlo por el aniversario de su ordenaci\u00f3n sacerdotal. Y eso fue imperdonable. \u00a1Estaba muy, muy triste! Y todav\u00eda me culpo por ese descuido.<\/p>\n\n\n\n<p>\u00a1Para el Padre Armando no hab\u00eda nada m\u00e1s importante que ser Sacerdote!<\/p>\n\n\n\n<p>Amaba la vida. Amaba su misi\u00f3n. Amaba a la gente y se entreg\u00f3 por completo a ella.<\/p>\n\n\n\n<p>Por todo esto, y a pesar de que \u00c9l ya se ha ido, y muchos incluso lo han olvidado, yo, su hermana menor, quiero recordaros que \u00c9l es y ser\u00e1 siempre, para nosotros, una presencia querida en nuestros corazones; y que, creyendo en la comunicaci\u00f3n de los santos (como rezamos en el Credo) \u00a1\u00c9l es y ser\u00e1 siempre nuestro intermediario con el Padre!<\/p>\n\n\n\n<div class=\"wp-block-image is-style-rounded\"><figure class=\"aligncenter size-large\"><img decoding=\"async\" src=\"https:\/\/jornalproenca.pt\/wp-content\/uploads\/2024\/06\/cpps.jpg\" alt=\"\" class=\"wp-image-42645\"\/><figcaption>2005: Asamblea Provincial de los Misioneros de la Precios\u00edsima Sangre en C\u00e1ceres<\/figcaption><\/figure><\/div>\n\n\n\n<p>Tengo la costumbre de recortar art\u00edculos significativos del Jornal de Proen\u00e7a, y entre ellos, por supuesto, los escritos por nuestro Padre Armando, y la semana pasada, al reordenarlos, encontr\u00e9 uno, publicado en el peri\u00f3dico el 09\/10\/2008, titulado: \u201c<strong>Dios es bueno conmigo<\/strong>&#8230;&#8221;<\/p>\n\n\n\n<p>Luego, dice, le diagnosticaron una recurrencia de c\u00e1ncer de h\u00edgado y la necesidad de una nueva cirug\u00eda... En la \u00faltima parte del art\u00edculo escribi\u00f3:..<\/p>\n\n\n\n<blockquote class=\"wp-block-quote is-layout-flow wp-block-quote-is-layout-flow\"><p> &#8220;<strong>Esta vez la operaci\u00f3n fue mucho m\u00e1s dif\u00edcil y hubo complicaciones postoperatorias. A pesar de ello, me encuentro bien, tranquilo y con muchas ganas de vivir. <\/strong><\/p><p><strong>Fue otra manifestaci\u00f3n encantadora de la presencia de Dios en mi vida, en cuyas manos me he confiado y sigo confiando. <\/strong><\/p><p><strong>\u00c9l sigue siendo bueno conmigo y mi viaje a trav\u00e9s de esta nueva experiencia estuvo una vez m\u00e1s marcado por la serenidad y la paz profunda. <\/strong><\/p><p><strong>Alabado sea \u00c9l, y que sus bendiciones se derramen sobre los muchos amigos que me han acompa\u00f1ado y me acompa\u00f1an en estos momentos dif\u00edciles. Gracias a todos.<\/strong> &#8220;&#8230;<\/p><cite><em>(sic)<\/em><\/cite><\/blockquote>\n\n\n\n<figure class=\"wp-block-gallery columns-2 is-cropped wp-block-gallery-1 is-layout-flex wp-block-gallery-is-layout-flex\"><ul class=\"blocks-gallery-grid\"><li class=\"blocks-gallery-item\"><figure><a href=\"https:\/\/jornalproenca.pt\/wp-content\/uploads\/2024\/06\/armando-tavares-e-a-juventude.jpg\"><img decoding=\"async\" src=\"https:\/\/jornalproenca.pt\/wp-content\/uploads\/2024\/06\/armando-tavares-e-a-juventude.jpg\" alt=\"\" data-id=\"42646\" data-full-url=\"https:\/\/jornalproenca.pt\/wp-content\/uploads\/2024\/06\/armando-tavares-e-a-juventude.jpg\" data-link=\"https:\/\/jornalproenca.pt\/?attachment_id=42646\" class=\"wp-image-42646\"\/><\/a><\/figure><\/li><li class=\"blocks-gallery-item\"><figure><a href=\"https:\/\/jornalproenca.pt\/wp-content\/uploads\/2024\/06\/padre-armando-convivios-fraternos-e-EMRC.jpg\"><img decoding=\"async\" src=\"https:\/\/jornalproenca.pt\/wp-content\/uploads\/2024\/06\/padre-armando-convivios-fraternos-e-EMRC.jpg\" alt=\"\" data-id=\"42647\" data-full-url=\"https:\/\/jornalproenca.pt\/wp-content\/uploads\/2024\/06\/padre-armando-convivios-fraternos-e-EMRC.jpg\" data-link=\"https:\/\/jornalproenca.pt\/?attachment_id=42647\" class=\"wp-image-42647\"\/><\/a><\/figure><\/li><\/ul><figcaption class=\"blocks-gallery-caption\">El Padre Armando y los j\u00f3venes: en las clases de EMRC, en los encuentros fraternos y en los campamentos de vacaciones \u201cDescubrimiento\u201d<\/figcaption><\/figure>\n\n\n\n<p><\/p>\n\n\n\n<p>Hoy, al recordar vuestra ordenaci\u00f3n sacerdotal, quiero agradecer tambi\u00e9n una vez m\u00e1s a tantos amigos que estuvieron siempre presentes.<\/p>\n\n\n\n<p>\u00a1Que tu vida sea siempre bendecida, serena y llena de paz!<\/p>\n\n\n\n<p>Gracias a todos. <\/p>\n\n\n\n<div class=\"wp-block-image is-style-rounded\"><figure class=\"aligncenter size-large\"><img decoding=\"async\" src=\"https:\/\/jornalproenca.pt\/wp-content\/uploads\/2024\/06\/padre-armando1.jpg\" alt=\"\" class=\"wp-image-42641\"\/><figcaption>Padre Armando Tavares, CPPS<\/figcaption><\/figure><\/div>\n\n\n\n<p>Y que haya una celebraci\u00f3n en el Cielo y en nuestros corazones por el 50 aniversario de la ordenaci\u00f3n sacerdotal de nuestro difunto y amado Padre Armando Tavares (CPPS).&nbsp;&nbsp; &nbsp; &nbsp; &nbsp; &nbsp; &nbsp; &nbsp; &nbsp; &nbsp; &nbsp; &nbsp; &nbsp; &nbsp; &nbsp; &nbsp; &nbsp;<\/p>\n\n\n\n<p class=\"has-text-align-right\"><em>*M. Isabel Tavares A. Christopher<\/em><\/p>","protected":false},"excerpt":{"rendered":"<p>No pr\u00f3ximo dia 7 de Julho, celebram-se 50 anos da Ordena\u00e7\u00e3o Sacerdotal do meu querido e saudoso irm\u00e3o Padre Armando! Se ainda estivesse entre n\u00f3s ir\u00edamos sem d\u00favida festejar alegremente com os seus irm\u00e3os padres da Congrega\u00e7\u00e3o do Precios\u00edssimo Sangue, com os seus irm\u00e3os vivos, com os amigos&#8230; Mas&nbsp;Deus levou-o para junto de Si e [&hellip;]<\/p>","protected":false},"author":2,"featured_media":49615,"comment_status":"open","ping_status":"open","sticky":false,"template":"","format":"standard","meta":{"iawp_total_views":1,"footnotes":""},"categories":[43],"tags":[],"class_list":["post-42640","post","type-post","status-publish","format-standard","has-post-thumbnail","hentry","category-preciosissimo-sangue"],"_links":{"self":[{"href":"https:\/\/cpps.pt\/es\/wp-json\/wp\/v2\/posts\/42640"}],"collection":[{"href":"https:\/\/cpps.pt\/es\/wp-json\/wp\/v2\/posts"}],"about":[{"href":"https:\/\/cpps.pt\/es\/wp-json\/wp\/v2\/types\/post"}],"author":[{"embeddable":true,"href":"https:\/\/cpps.pt\/es\/wp-json\/wp\/v2\/users\/2"}],"replies":[{"embeddable":true,"href":"https:\/\/cpps.pt\/es\/wp-json\/wp\/v2\/comments?post=42640"}],"version-history":[{"count":1,"href":"https:\/\/cpps.pt\/es\/wp-json\/wp\/v2\/posts\/42640\/revisions"}],"predecessor-version":[{"id":49616,"href":"https:\/\/cpps.pt\/es\/wp-json\/wp\/v2\/posts\/42640\/revisions\/49616"}],"wp:featuredmedia":[{"embeddable":true,"href":"https:\/\/cpps.pt\/es\/wp-json\/wp\/v2\/media\/49615"}],"wp:attachment":[{"href":"https:\/\/cpps.pt\/es\/wp-json\/wp\/v2\/media?parent=42640"}],"wp:term":[{"taxonomy":"category","embeddable":true,"href":"https:\/\/cpps.pt\/es\/wp-json\/wp\/v2\/categories?post=42640"},{"taxonomy":"post_tag","embeddable":true,"href":"https:\/\/cpps.pt\/es\/wp-json\/wp\/v2\/tags?post=42640"}],"curies":[{"name":"wp","href":"https:\/\/api.w.org\/{rel}","templated":true}]}}