{"id":50535,"date":"2025-11-15T10:29:42","date_gmt":"2025-11-15T10:29:42","guid":{"rendered":"https:\/\/cpps.pt\/?p=50535"},"modified":"2025-11-20T19:42:53","modified_gmt":"2025-11-20T19:42:53","slug":"estar-com-os-pobres","status":"publish","type":"post","link":"https:\/\/cpps.pt\/es\/estar-com-os-pobres\/","title":{"rendered":"Estar con los pobres"},"content":{"rendered":"<p>La Iglesia celebra la 9\u00aa Jornada Mundial de los Pobres el 16 de noviembre, con el lema &quot;T\u00fa eres mi esperanza&quot; (Salmo 71:5).<\/p>\n\n\n\n<p>El Papa Le\u00f3n XIV, en su mensaje, afirma: \u201cLos pobres no son un pasatiempo para la Iglesia, sino nuestros hermanos y hermanas m\u00e1s amados, porque cada uno de ellos, con su existencia y tambi\u00e9n con las palabras y la sabidur\u00eda que traen consigo, nos lleva a tocar con nuestras propias manos la verdad del Evangelio. Por lo tanto,\u00a0<em>D\u00eda Mundial de los Pobres<\/em>\u00a0Su objetivo es recordar a nuestras comunidades que los pobres est\u00e1n en el centro de toda acci\u00f3n pastoral. No solo en su dimensi\u00f3n caritativa, sino tambi\u00e9n en lo que la Iglesia celebra y proclama. A trav\u00e9s de sus voces, sus historias, sus rostros, Dios asumi\u00f3 su pobreza para enriquecernos. Todas las formas de pobreza, sin excepci\u00f3n, son una llamada a vivir el Evangelio de forma concreta y a ofrecer signos eficaces de esperanza.<\/p>\n\n\n\n<h2 class=\"wp-block-heading\">Los Misioneros de la Precios\u00edsima Sangre est\u00e1n con los pobres.<\/h2>\n\n\n\n<figure class=\"wp-block-image size-large\"><img fetchpriority=\"high\" decoding=\"async\" width=\"1024\" height=\"766\" src=\"https:\/\/cpps.pt\/wp-content\/uploads\/2025\/11\/IMG_20210507_165834-1024x766.jpg?wsr\" alt=\"\" class=\"wp-image-50536\" srcset=\"https:\/\/cpps.pt\/wp-content\/uploads\/2025\/11\/IMG_20210507_165834-1024x766.jpg 1024w, https:\/\/cpps.pt\/wp-content\/uploads\/2025\/11\/IMG_20210507_165834-768x574.jpg 768w, https:\/\/cpps.pt\/wp-content\/uploads\/2025\/11\/IMG_20210507_165834-16x12.jpg 16w\" sizes=\"(max-width: 1024px) 100vw, 1024px\" \/><\/figure>\n\n\n\n<p>En Portugal, Espa\u00f1a y Guinea-Bissau existen numerosas iniciativas para acompa\u00f1ar a los m\u00e1s necesitados. A trav\u00e9s de organizaciones como C\u00e1ritas, la Sociedad de San Vicente de Pa\u00fal, los bancos de alimentos y el apoyo parroquial a quienes sufren grandes dificultades, estamos atentos y disponibles para escuchar las voces de quienes piden ayuda. \u00a1Somos esperanza! <\/p>\n\n\n\n<p>En Guinea-Bissau, respondemos a los clamores de los m\u00e1s pobres con diversas estructuras: educaci\u00f3n, becas, salud, suministro de agua y asistencia personalizada para atender necesidades humanas espec\u00edficas.<\/p>\n\n\n\n<h2 class=\"wp-block-heading\">La pobreza m\u00e1s grave es no conocer a Dios.<\/h2>\n\n\n\n<p>Las comunidades de CPPS se preocupan por la dimensi\u00f3n espiritual, ofreciendo &quot;amistad, bendici\u00f3n, la Palabra, Sacramentos y la propuesta de un camino de crecimiento y madurez en la fe&quot;.<\/p>","protected":false},"excerpt":{"rendered":"<p>A Igreja celebra a 16 de Novembro o IX Dia Mundial do Pobre, com o tema &#8220;Tu \u00e9s minha esperan\u00e7a&#8221; (Sl 71,5) O Papa Le\u00e3o XIV na sua mensagem afirma: &#8220;Os pobres n\u00e3o s\u00e3o um passatempo para a Igreja, mas sim os irm\u00e3os e irm\u00e3s mais amados, porque cada um deles, com a sua exist\u00eancia [&hellip;]<\/p>","protected":false},"author":2,"featured_media":50537,"comment_status":"open","ping_status":"open","sticky":false,"template":"","format":"standard","meta":{"iawp_total_views":8,"footnotes":""},"categories":[94,95],"tags":[],"class_list":["post-50535","post","type-post","status-publish","format-standard","has-post-thumbnail","hentry","category-espiritualidade","category-reflexao"],"_links":{"self":[{"href":"https:\/\/cpps.pt\/es\/wp-json\/wp\/v2\/posts\/50535"}],"collection":[{"href":"https:\/\/cpps.pt\/es\/wp-json\/wp\/v2\/posts"}],"about":[{"href":"https:\/\/cpps.pt\/es\/wp-json\/wp\/v2\/types\/post"}],"author":[{"embeddable":true,"href":"https:\/\/cpps.pt\/es\/wp-json\/wp\/v2\/users\/2"}],"replies":[{"embeddable":true,"href":"https:\/\/cpps.pt\/es\/wp-json\/wp\/v2\/comments?post=50535"}],"version-history":[{"count":1,"href":"https:\/\/cpps.pt\/es\/wp-json\/wp\/v2\/posts\/50535\/revisions"}],"predecessor-version":[{"id":50538,"href":"https:\/\/cpps.pt\/es\/wp-json\/wp\/v2\/posts\/50535\/revisions\/50538"}],"wp:featuredmedia":[{"embeddable":true,"href":"https:\/\/cpps.pt\/es\/wp-json\/wp\/v2\/media\/50537"}],"wp:attachment":[{"href":"https:\/\/cpps.pt\/es\/wp-json\/wp\/v2\/media?parent=50535"}],"wp:term":[{"taxonomy":"category","embeddable":true,"href":"https:\/\/cpps.pt\/es\/wp-json\/wp\/v2\/categories?post=50535"},{"taxonomy":"post_tag","embeddable":true,"href":"https:\/\/cpps.pt\/es\/wp-json\/wp\/v2\/tags?post=50535"}],"curies":[{"name":"wp","href":"https:\/\/api.w.org\/{rel}","templated":true}]}}