{"id":50751,"date":"2025-12-16T15:48:43","date_gmt":"2025-12-16T15:48:43","guid":{"rendered":"https:\/\/cpps.pt\/?p=50751"},"modified":"2025-12-16T15:54:12","modified_gmt":"2025-12-16T15:54:12","slug":"luz-da-paz-de-belem","status":"publish","type":"post","link":"https:\/\/cpps.pt\/es\/luz-da-paz-de-belem\/","title":{"rendered":"Luz de Paz desde Bel\u00e9n"},"content":{"rendered":"<p>La Luz de la Paz de Bel\u00e9n ha llegado a la comunidad CPPS de Vila Vi\u00e7osa. Somos portadores de la Buena Nueva de la paz. Hoy, esta luz y su mensaje de paz ser\u00e1n distribuidos a las comunidades del Consejo de Vila Vi\u00e7osa por el grupo scout 639 de S. Gaspar del B\u00fafalo, despu\u00e9s de la Eucarist\u00eda.<\/p>\n\n\n\n<figure class=\"wp-block-pullquote\"><blockquote><p>\u201cLa paz es un don que viene de Dios y, ante todo, reside en nuestros corazones. Es como un movimiento interior que se desborda, permiti\u00e9ndonos guiar por una melod\u00eda superior a nosotros mismos: la del amor divino. Quienes danzan avanzan con ligereza, sin tocar el suelo, armonizando sus pasos con los de los dem\u00e1s. Esto es la paz: un camino movido por el Esp\u00edritu, que pone el coraz\u00f3n en posici\u00f3n de escucha y lo hace m\u00e1s atento y respetuoso con los dem\u00e1s.\u201d<br>(Papa Le\u00f3n XIV, Viaje Apost\u00f3lico a Turqu\u00eda y L\u00edbano, Beirut, 30 de noviembre de 2025)<\/p><\/blockquote><\/figure>\n\n\n\n<figure class=\"wp-block-image size-full\"><img fetchpriority=\"high\" decoding=\"async\" width=\"900\" height=\"755\" src=\"https:\/\/cpps.pt\/wp-content\/uploads\/2025\/12\/Luz-da-Paz1.jpg?wsr\" alt=\"\" class=\"wp-image-50753\" srcset=\"https:\/\/cpps.pt\/wp-content\/uploads\/2025\/12\/Luz-da-Paz1.jpg 900w, https:\/\/cpps.pt\/wp-content\/uploads\/2025\/12\/Luz-da-Paz1-768x644.jpg 768w, https:\/\/cpps.pt\/wp-content\/uploads\/2025\/12\/Luz-da-Paz1-14x12.jpg 14w\" sizes=\"(max-width: 900px) 100vw, 900px\" \/><\/figure>\n\n\n\n<h2 class=\"wp-block-heading\">C\u00f3mo empez\u00f3 todo\u2026<\/h2>\n\n\n\n<p>El proyecto &quot;Luz de Paz desde Bel\u00e9n&quot; fue lanzado por la televisi\u00f3n p\u00fablica austriaca como parte de un programa social llamado &quot;Luz en la Oscuridad&quot;, dedicado a las personas desfavorecidas de Austria y pa\u00edses vecinos. Posteriormente, los scouts austriacos acogieron el proyecto, adapt\u00e1ndolo a sus rutinas, pero manteniendo siempre el esp\u00edritu de servicio a los ni\u00f1os desfavorecidos. Para 1990, la participaci\u00f3n mundial era tan amplia que se firm\u00f3 un acuerdo entre scouts y gu\u00edas de muchos pa\u00edses para que la luz, procedente de Bel\u00e9n y con destino a Viena, viajara por Europa y Am\u00e9rica.<br>\u00a0\u00a0\u00a0\u00a0 Cada a\u00f1o, un ni\u00f1o de Austria recoge la luz de la gruta donde naci\u00f3 Jes\u00fas (la Gruta de la Natividad) y la lleva a Viena, donde se distribuye en una ceremonia ecum\u00e9nica antes de Navidad. La Luz se entrega a las delegaciones participantes para que la lleven a sus respectivos pa\u00edses con un mensaje de Paz, Amor y Esperanza. Posteriormente, en cada pa\u00eds, las asociaciones participantes, en su propia ceremonia, distribuyen la Luz de la Paz de Bel\u00e9n para que sus scouts la redistribuyan, transmitiendo un mensaje claro con este gesto. En Portugal, en la primera d\u00e9cada de este siglo, la Luz lleg\u00f3 a trav\u00e9s del Movimiento Scout Cat\u00f3lico de Espa\u00f1a y tambi\u00e9n a trav\u00e9s de un C\u00f3nsul Honorario de Austria, residente en Albufeira. En este caso, la distribuci\u00f3n de la Luz se realiz\u00f3 en la Iglesia Parroquial de esta ciudad en una ceremonia ecum\u00e9nica copresidida por el p\u00e1rroco y el alcalde.<\/p>\n\n\n\n<p><\/p>","protected":false},"excerpt":{"rendered":"<p>A Luz da Paz de Bel\u00e9m chegou \u00e0 comunidade CPPS de Vila Vi\u00e7osa. Somos portadores da Boa Nova da paz. Hoje esta luz e a sua mensagem de paz vai ser distribu\u00edda pelas comunidades do Conselho de Vila Vi\u00e7osa pelo agrupamento de escuteiros 639 de S. Gaspar del B\u00fafalo, ap\u00f3s a eucaristia. &#8220;a paz \u00e9 [&hellip;]<\/p>","protected":false},"author":3,"featured_media":50754,"comment_status":"open","ping_status":"open","sticky":false,"template":"","format":"standard","meta":{"iawp_total_views":22,"footnotes":""},"categories":[104,81,79],"tags":[97,70,92,107,98],"class_list":["post-50751","post","type-post","status-publish","format-standard","has-post-thumbnail","hentry","category-advento","category-missao","category-portugal","tag-jovens","tag-missionarios-cpps","tag-missionarios-do-preciosissimo-sangue","tag-paz","tag-testemunho"],"_links":{"self":[{"href":"https:\/\/cpps.pt\/es\/wp-json\/wp\/v2\/posts\/50751"}],"collection":[{"href":"https:\/\/cpps.pt\/es\/wp-json\/wp\/v2\/posts"}],"about":[{"href":"https:\/\/cpps.pt\/es\/wp-json\/wp\/v2\/types\/post"}],"author":[{"embeddable":true,"href":"https:\/\/cpps.pt\/es\/wp-json\/wp\/v2\/users\/3"}],"replies":[{"embeddable":true,"href":"https:\/\/cpps.pt\/es\/wp-json\/wp\/v2\/comments?post=50751"}],"version-history":[{"count":1,"href":"https:\/\/cpps.pt\/es\/wp-json\/wp\/v2\/posts\/50751\/revisions"}],"predecessor-version":[{"id":50755,"href":"https:\/\/cpps.pt\/es\/wp-json\/wp\/v2\/posts\/50751\/revisions\/50755"}],"wp:featuredmedia":[{"embeddable":true,"href":"https:\/\/cpps.pt\/es\/wp-json\/wp\/v2\/media\/50754"}],"wp:attachment":[{"href":"https:\/\/cpps.pt\/es\/wp-json\/wp\/v2\/media?parent=50751"}],"wp:term":[{"taxonomy":"category","embeddable":true,"href":"https:\/\/cpps.pt\/es\/wp-json\/wp\/v2\/categories?post=50751"},{"taxonomy":"post_tag","embeddable":true,"href":"https:\/\/cpps.pt\/es\/wp-json\/wp\/v2\/tags?post=50751"}],"curies":[{"name":"wp","href":"https:\/\/api.w.org\/{rel}","templated":true}]}}