{"id":50821,"date":"2025-12-24T06:00:00","date_gmt":"2025-12-24T06:00:00","guid":{"rendered":"https:\/\/cpps.pt\/?p=50821"},"modified":"2025-12-23T09:23:17","modified_gmt":"2025-12-23T09:23:17","slug":"votos-de-um-santo-natal-de-jesus","status":"publish","type":"post","link":"https:\/\/cpps.pt\/es\/votos-de-um-santo-natal-de-jesus\/","title":{"rendered":"Te deseo una Santa Navidad de parte de Jes\u00fas."},"content":{"rendered":"<p><strong>Porque es Navidad\u2026<\/strong><\/p>\n\n\n\n<p>Si hay alg\u00fan error que necesite ser corregido, porque es Navidad, lo har\u00e9 tuyo.<\/p>\n\n\n\n<p>Si tienes enemigos, reconciliate porque Navidad es Paz<\/p>\n\n\n\n<p>Elimina el odio de tu coraz\u00f3n y las dificultades de tus problemas, porque es Navidad.<\/p>\n\n\n\n<p>Si hay alg\u00fan esfuerzo que todos evitamos, porque es Navidad, t\u00fa puedes hacerlo.<\/p>\n\n\n\n<p>Sirve cada d\u00eda, porque Jes\u00fas viene a servir. \u00bfServiste hoy? \u00bfD\u00f3nde?<\/p>\n\n\n\n<p>(P. Paulino Hern\u00e1ndez)<\/p>\n\n\n\n<p class=\"has-text-align-center\"><strong>Voy al bel\u00e9n.<\/strong><\/p>\n\n\n\n<p class=\"has-text-align-center\">Hoy contin\u00fao siguiendo la estrella.,<\/p>\n\n\n\n<p class=\"has-text-align-center\">Y ya s\u00e9 que me lleva al bel\u00e9n.,<\/p>\n\n\n\n<p class=\"has-text-align-center\">\u00a1Un espacio humilde, pobre y sencillo!<\/p>\n\n\n\n<p class=\"has-text-align-center\">Y el ni\u00f1o Jes\u00fas yac\u00eda all\u00ed entre la paja,<\/p>\n\n\n\n<p class=\"has-text-align-center\">Dime directamente al o\u00eddo de mi coraz\u00f3n:<\/p>\n\n\n\n<p class=\"has-text-align-center\">Aqu\u00ed est\u00e1 vuestro Dios, pobre, humilde, sencillo.<\/p>\n\n\n\n<p class=\"has-text-align-center\">\u00a1Dale la bienvenida!<\/p>\n\n\n\n<p class=\"has-text-align-center\">(P. Lu\u00eds Filipe)<\/p>\n\n\n\n<p><strong>Amor en espacios peque\u00f1os<\/strong><\/p>\n\n\n\n<p>La posada estaba llena.<\/p>\n\n\n\n<p>Nadie sale de su habitaci\u00f3n por esta mujer avergonzada.<\/p>\n\n\n\n<p>Tengo que ir a un establo y dar a luz all\u00ed.<\/p>\n\n\n\n<p>a Cristo, el Mes\u00edas.<\/p>\n\n\n\n<p>\u00bfCu\u00e1l es uno de estos m\u00e1s peque\u00f1os?<\/p>\n\n\n\n<p>a mi me lo haceis \u2013 dice el Se\u00f1or!<\/p>\n\n\n\n<p>(P. Antonio Panea)<\/p>\n\n\n\n<p class=\"has-text-align-center\"><strong>Te r\u00edes\u2026<\/strong><\/p>\n\n\n\n<p class=\"has-text-align-center\">\u201c&quot;Tu risa es<\/p>\n\n\n\n<p class=\"has-text-align-center\">en tus ojos<\/p>\n\n\n\n<p class=\"has-text-align-center\">&quot;La luz del mundo.&quot;.<\/p>\n\n\n\n<p class=\"has-text-align-center\">\u201c&quot;Tu risa me libera&quot;<\/p>\n\n\n\n<p class=\"has-text-align-center\">\u201dLl\u00e9vame aparte.\u201d (por Miguel Hern\u00e1ndez)<\/p>\n\n\n\n<p class=\"has-text-align-center\">(P. Jos\u00e9 Mar\u00eda Parejo)<\/p>\n\n\n\n<p><strong>Nace El libertador<\/strong><\/p>\n\n\n\n<p>Naces en nuestro barrio,<\/p>\n\n\n\n<p>naces en nuestro coraz\u00f3n,<\/p>\n\n\n\n<p>naces para reforzarnos<\/p>\n\n\n\n<p>en nuestra liberaci\u00f3n.<\/p>\n\n\n\n<p>(Padre Jos\u00e9 Ant\u00f3nio)<\/p>\n\n\n\n<p class=\"has-text-align-center\"><strong>Saludos navide\u00f1os<\/strong><\/p>\n\n\n\n<p class=\"has-text-align-center\">El mejor mensaje de Navidad<\/p>\n\n\n\n<p class=\"has-text-align-center\">\u00c9l es quien deja el silencio de nuestros corazones.<\/p>\n\n\n\n<p class=\"has-text-align-center\">y calienta con ternura los corazones de los hermanos<\/p>\n\n\n\n<p class=\"has-text-align-center\">que nos acompa\u00f1a en nuestro viaje por la vida.<\/p>\n\n\n\n<p class=\"has-text-align-center\">La Navidad es sin\u00f3nimo de amor\u2026<\/p>\n\n\n\n<p class=\"has-text-align-center\">Es un momento en el que el amor de Dios<\/p>\n\n\n\n<p class=\"has-text-align-center\">y de los seres humanos debe prevalecer<\/p>\n\n\n\n<p class=\"has-text-align-center\">sobre el odio y la amargura<\/p>\n\n\n\n<p class=\"has-text-align-center\">un momento en el que nuestros pensamientos y acciones<\/p>\n\n\n\n<p class=\"has-text-align-center\">y nuestras vidas manifiestan la presencia de Dios.<\/p>\n\n\n\n<p class=\"has-text-align-center\">Que Dios, en su infinita bondad, bendiga nuestras comunidades.<\/p>\n\n\n\n<p class=\"has-text-align-center\">y llena nuestros corazones de paz y amor<\/p>\n\n\n\n<p class=\"has-text-align-center\">(P. Jos\u00e9 Mar\u00eda Borreguero)<\/p>","protected":false},"excerpt":{"rendered":"<p>Porque es Navidad\u2026 Si hay un error que enmendar, porque es Navidad, enmi\u00e9ndalo t\u00fa Si tienes enemigos, reconc\u00edliate por que Navidad es Paz Elimina el odio del coraz\u00f3n y las dificultades de los problemas, porque es Navidad Si hay alg\u00fan esfuerzo que todos esquivan, porque es Navidad, hazlo t\u00fa Sirve todos los d\u00edas, porque Jes\u00fas [&hellip;]<\/p>","protected":false},"author":3,"featured_media":50822,"comment_status":"open","ping_status":"open","sticky":false,"template":"","format":"standard","meta":{"iawp_total_views":36,"footnotes":""},"categories":[108,43],"tags":[49,70,92,93],"class_list":["post-50821","post","type-post","status-publish","format-standard","has-post-thumbnail","hentry","category-natal","category-preciosissimo-sangue","tag-cpps","tag-missionarios-cpps","tag-missionarios-do-preciosissimo-sangue","tag-provincia-iberica-cpps"],"_links":{"self":[{"href":"https:\/\/cpps.pt\/es\/wp-json\/wp\/v2\/posts\/50821"}],"collection":[{"href":"https:\/\/cpps.pt\/es\/wp-json\/wp\/v2\/posts"}],"about":[{"href":"https:\/\/cpps.pt\/es\/wp-json\/wp\/v2\/types\/post"}],"author":[{"embeddable":true,"href":"https:\/\/cpps.pt\/es\/wp-json\/wp\/v2\/users\/3"}],"replies":[{"embeddable":true,"href":"https:\/\/cpps.pt\/es\/wp-json\/wp\/v2\/comments?post=50821"}],"version-history":[{"count":1,"href":"https:\/\/cpps.pt\/es\/wp-json\/wp\/v2\/posts\/50821\/revisions"}],"predecessor-version":[{"id":50823,"href":"https:\/\/cpps.pt\/es\/wp-json\/wp\/v2\/posts\/50821\/revisions\/50823"}],"wp:featuredmedia":[{"embeddable":true,"href":"https:\/\/cpps.pt\/es\/wp-json\/wp\/v2\/media\/50822"}],"wp:attachment":[{"href":"https:\/\/cpps.pt\/es\/wp-json\/wp\/v2\/media?parent=50821"}],"wp:term":[{"taxonomy":"category","embeddable":true,"href":"https:\/\/cpps.pt\/es\/wp-json\/wp\/v2\/categories?post=50821"},{"taxonomy":"post_tag","embeddable":true,"href":"https:\/\/cpps.pt\/es\/wp-json\/wp\/v2\/tags?post=50821"}],"curies":[{"name":"wp","href":"https:\/\/api.w.org\/{rel}","templated":true}]}}