{"id":50849,"date":"2026-01-12T06:00:00","date_gmt":"2026-01-12T06:00:00","guid":{"rendered":"https:\/\/cpps.pt\/?p=50849"},"modified":"2026-01-11T23:24:24","modified_gmt":"2026-01-11T23:24:24","slug":"beato-giovanni-merlini","status":"publish","type":"post","link":"https:\/\/cpps.pt\/es\/beato-giovanni-merlini\/","title":{"rendered":"Beato Giovanni Merlini, ejemplo de vida"},"content":{"rendered":"<p>Hoy, el Beato Giovanni Merlini quiere hablarnos a trav\u00e9s de su ejemplo y testimonio de santidad. Destacamos algunos aspectos de su vida que nos ayudan tambi\u00e9n a buscar el camino de la santidad para nuestra propia vida, bas\u00e1ndonos en la homil\u00eda del Cardenal Semeraro durante su beatificaci\u00f3n en Roma el 12 de enero de 2025.<\/p>\n\n\n\n<figure class=\"wp-block-image size-full\"><img fetchpriority=\"high\" decoding=\"async\" width=\"900\" height=\"675\" src=\"https:\/\/cpps.pt\/wp-content\/uploads\/2026\/01\/M12.jpg?wsr\" alt=\"\" class=\"wp-image-50850\" srcset=\"https:\/\/cpps.pt\/wp-content\/uploads\/2026\/01\/M12.jpg 900w, https:\/\/cpps.pt\/wp-content\/uploads\/2026\/01\/M12-768x576.jpg 768w, https:\/\/cpps.pt\/wp-content\/uploads\/2026\/01\/M12-16x12.jpg 16w\" sizes=\"(max-width: 900px) 100vw, 900px\" \/><\/figure>\n\n\n\n<p><strong>Hombre de oraci\u00f3n:<\/strong> \u201cEl Se\u00f1or le hab\u00eda otorgado el don de la oraci\u00f3n: una oraci\u00f3n que en \u00e9l normalmente se convert\u00eda en contemplaci\u00f3n. Uno de los testigos declar\u00f3: \u201cGrit\u00e9 pidiendo permiso para entrar y no me respondi\u00f3. Entr\u00e9 en la habitaci\u00f3n, me acerqu\u00e9 a \u00e9l mientras rezaba el Oficio y lo encontr\u00e9 como en \u00e9xtasis, inconsciente de todo, por lo que me vi obligado a salir de la habitaci\u00f3n asombrado e incapaz de decirle nada. Quiero testificar que su rostro estaba sonriente y hermoso, algo fuera de lo com\u00fan.\u201d (Sum. 129, p. 45)\u201d<\/p>\n\n\n\n<p><strong>Un hombre de acci\u00f3n y apostolado: <\/strong>Pose\u00eda muchos dones y un gran celo misionero, que era una de sus virtudes. Por eso San Gaspar lo ten\u00eda en alta estima.<\/p>\n\n\n\n<p><strong>Hombre con habilidades de liderazgo:<\/strong> Pose\u00eda \u201cexcelentes cualidades de gobierno, especialmente dotado de la virtud de la prudencia\u2026 ejerc\u00eda la virtud de la prudencia de una manera verdaderamente extraordinaria: estudiaba las situaciones, consultaba e interven\u00eda, adapt\u00e1ndose a ellas; especialmente en decisiones dif\u00edciles, usaba la caridad hacia las personas.\u201d (Cf. Sum. 492-495, pp. 191-192)\u201d<\/p>\n\n\n\n<p><strong>Un hombre que combin\u00f3 las virtudes de Marta y Mar\u00eda:<\/strong> Es sorprendente \u201cel reconocimiento del v\u00ednculo entre las dos formas tradicionales de vida: la contemplativa y la llamada activa\u201c\u2026 Marta y Mar\u00eda nos muestran el camino. Si queremos saborear la vida con alegr\u00eda, debemos combinar estas dos actitudes: por un lado, \u201destar a los pies\u201c de Jes\u00fas, para escucharlo mientras nos revela el secreto de todas las cosas; por otro, estar atentos y dispuestos en la hospitalidad, cuando pasa y llama a nuestra puerta, con el rostro de un amigo que necesita un momento de consuelo y fraternidad\u201d (\u00c1ngelus, 21 de julio de 2019). El beato Merlini tambi\u00e9n practic\u00f3 esta \u201chospitalidad\u201d. \u201dAnte cada necesidad y necesidad\u201c, declara uno de los testigos, \u201dbastaba con recurrir a \u00e9l, seguros de que ofrecer\u00eda toda su disponibilidad e inter\u00e9s para ayudar, como si fuera algo propio, o incluso mejor\u201c (Summ. 583, p. 228).\u201d<\/p>\n\n\n\n<p><strong>Hombre que acompa\u00f1a y gu\u00eda:<\/strong> &nbsp;En su vida encontramos una profunda amistad que mantuvo sobre todo con sus hermanos de la familia religiosa y con las personas que se hab\u00edan confiado a \u00e9l para su gu\u00eda y acompa\u00f1amiento espiritual. Las figuras de San Gaspar del B\u00fafalo y Santa Mar\u00eda de Mat\u00edas son emblem\u00e1ticas.<\/p>\n\n\n\n<p><strong>Oremos con el Beato Giovanni.<\/strong> \u00a0                                                                                                        \u201cOremos con fervor e insistencia a nuestro amado Jes\u00fas para que nos conceda los frutos de su divina Sangre. As\u00ed nos har\u00e1 part\u00edcipes de su propio esp\u00edritu: un esp\u00edritu de perfecci\u00f3n para nosotros, un esp\u00edritu de celo por la honra de Dios, un esp\u00edritu de caridad por la salud de las almas; un esp\u00edritu, en fin, que nos har\u00e1 ministros irrefutables de la divina presencia\u2026 Que Jes\u00fas nos asista y nos gu\u00ede, que Jes\u00fas nos conduzca a obtener su santo esp\u00edritu y nos haga perseverar en \u00e9l. (Carta Circular de 1862).<\/p>\n\n\n\n<p>&nbsp;\u201cMe has separado de mi patria, de mis parientes, de mis amigos, de mis posesiones terrenales y de todo lo que la miserable humanidad puede atraer, para apoderarte de todo mi coraz\u00f3n, de toda mi alma\u2026 Dios m\u00edo, comprendo que quieres que sea santo. \u00a1Bendito seas mil veces! Mi vida es tuya: te la entrego entera y sin reservas. Ya no quiero vivir seg\u00fan mis deseos, sino ser tuyo, todo tuyo y siempre tuyo. Dispone de m\u00ed como quieras.<\/p>\n\n\n\n<p><\/p>","protected":false},"excerpt":{"rendered":"<p>Hoje o Beato Giovanni Merlini quer falar \u00e0s nossa vidas pelo seu exemplo de vida e testemunho de santidade. Real\u00e7amos alguns aspectos da sua vida, que nos ajudam a buscar tamb\u00e9m o caminho da santidade para as nossa vidas, a partir da homilia\u00a0 do Cardeal Semeraro, aquando da beatifica\u00e7\u00e3o em Roma, no dia 12 de [&hellip;]<\/p>","protected":false},"author":3,"featured_media":50851,"comment_status":"open","ping_status":"open","sticky":false,"template":"","format":"standard","meta":{"iawp_total_views":44,"footnotes":""},"categories":[94],"tags":[114],"class_list":["post-50849","post","type-post","status-publish","format-standard","has-post-thumbnail","hentry","category-espiritualidade","tag-giovanni-merlini"],"_links":{"self":[{"href":"https:\/\/cpps.pt\/es\/wp-json\/wp\/v2\/posts\/50849"}],"collection":[{"href":"https:\/\/cpps.pt\/es\/wp-json\/wp\/v2\/posts"}],"about":[{"href":"https:\/\/cpps.pt\/es\/wp-json\/wp\/v2\/types\/post"}],"author":[{"embeddable":true,"href":"https:\/\/cpps.pt\/es\/wp-json\/wp\/v2\/users\/3"}],"replies":[{"embeddable":true,"href":"https:\/\/cpps.pt\/es\/wp-json\/wp\/v2\/comments?post=50849"}],"version-history":[{"count":2,"href":"https:\/\/cpps.pt\/es\/wp-json\/wp\/v2\/posts\/50849\/revisions"}],"predecessor-version":[{"id":50853,"href":"https:\/\/cpps.pt\/es\/wp-json\/wp\/v2\/posts\/50849\/revisions\/50853"}],"wp:featuredmedia":[{"embeddable":true,"href":"https:\/\/cpps.pt\/es\/wp-json\/wp\/v2\/media\/50851"}],"wp:attachment":[{"href":"https:\/\/cpps.pt\/es\/wp-json\/wp\/v2\/media?parent=50849"}],"wp:term":[{"taxonomy":"category","embeddable":true,"href":"https:\/\/cpps.pt\/es\/wp-json\/wp\/v2\/categories?post=50849"},{"taxonomy":"post_tag","embeddable":true,"href":"https:\/\/cpps.pt\/es\/wp-json\/wp\/v2\/tags?post=50849"}],"curies":[{"name":"wp","href":"https:\/\/api.w.org\/{rel}","templated":true}]}}