{"id":51018,"date":"2026-03-09T06:00:00","date_gmt":"2026-03-09T06:00:00","guid":{"rendered":"https:\/\/cpps.pt\/?p=51018"},"modified":"2026-03-08T09:18:05","modified_gmt":"2026-03-08T09:18:05","slug":"parar-fazer-silencio-rezar","status":"publish","type":"post","link":"https:\/\/cpps.pt\/es\/parar-fazer-silencio-rezar\/","title":{"rendered":"Detente, guarda silencio, reza."},"content":{"rendered":"<p>Los Misioneros de la Precios\u00edsima Sangre, Provincia Ib\u00e9rica, se reunieron para un retiro cuaresmal. Del 2 al 5 de marzo, en F\u00e1tima, hubo tiempo para la convivencia, la reflexi\u00f3n, la oraci\u00f3n y la alegre celebraci\u00f3n del gran don de la vocaci\u00f3n, profundamente marcado por la espiritualidad de la Precios\u00edsima Sangre.<\/p>\n\n\n\n<figure class=\"wp-block-image size-full\"><img fetchpriority=\"high\" decoding=\"async\" width=\"900\" height=\"801\" src=\"https:\/\/cpps.pt\/wp-content\/uploads\/2026\/03\/Reti1.jpg?wsr\" alt=\"\" class=\"wp-image-51019\" srcset=\"https:\/\/cpps.pt\/wp-content\/uploads\/2026\/03\/Reti1.jpg 900w, https:\/\/cpps.pt\/wp-content\/uploads\/2026\/03\/Reti1-768x684.jpg 768w, https:\/\/cpps.pt\/wp-content\/uploads\/2026\/03\/Reti1-13x12.jpg 13w\" sizes=\"(max-width: 900px) 100vw, 900px\" \/><\/figure>\n\n\n\n<p>Los talleres fueron impartidos por el Padre C\u00e9lio, CPPS de la Provincia Latinoamericana. La reflexi\u00f3n se centr\u00f3 en los valores que la congregaci\u00f3n est\u00e1 llamada a vivir globalmente. <\/p>\n\n\n\n<p>En conclusi\u00f3n, un encuentro profundo con la Palabra de Dios es fundamental para que se produzca un renacimiento constante en cada comunidad, en cada provincia, en la Iglesia...<\/p>","protected":false},"excerpt":{"rendered":"<p>Os Mission\u00e1rios do Precios\u00edssimo Sangue, Prov\u00edncia Ib\u00e9rica, estiveram reunidos em retiro quaresmal. De 2 a 5 de Mar\u00e7o, em F\u00e1tima, houve tempo para conviver, reflectir, rezar, celebrar com alegria o grande dom da voca\u00e7\u00e3o marcada profundamente pela espiritualidade do Precios\u00edssimo Sangue. Os trabalhos foram orientados pelo Padre C\u00e9lio, CPPS da Prov\u00edncia Latino-Americana. A reflex\u00e3o esteve [&hellip;]<\/p>","protected":false},"author":3,"featured_media":51021,"comment_status":"open","ping_status":"open","sticky":false,"template":"","format":"standard","meta":{"iawp_total_views":5,"footnotes":""},"categories":[43,139,122],"tags":[92,93],"class_list":["post-51018","post","type-post","status-publish","format-standard","has-post-thumbnail","hentry","category-preciosissimo-sangue","category-quaresma","category-vida-consagrada","tag-missionarios-do-preciosissimo-sangue","tag-provincia-iberica-cpps"],"_links":{"self":[{"href":"https:\/\/cpps.pt\/es\/wp-json\/wp\/v2\/posts\/51018"}],"collection":[{"href":"https:\/\/cpps.pt\/es\/wp-json\/wp\/v2\/posts"}],"about":[{"href":"https:\/\/cpps.pt\/es\/wp-json\/wp\/v2\/types\/post"}],"author":[{"embeddable":true,"href":"https:\/\/cpps.pt\/es\/wp-json\/wp\/v2\/users\/3"}],"replies":[{"embeddable":true,"href":"https:\/\/cpps.pt\/es\/wp-json\/wp\/v2\/comments?post=51018"}],"version-history":[{"count":1,"href":"https:\/\/cpps.pt\/es\/wp-json\/wp\/v2\/posts\/51018\/revisions"}],"predecessor-version":[{"id":51020,"href":"https:\/\/cpps.pt\/es\/wp-json\/wp\/v2\/posts\/51018\/revisions\/51020"}],"wp:featuredmedia":[{"embeddable":true,"href":"https:\/\/cpps.pt\/es\/wp-json\/wp\/v2\/media\/51021"}],"wp:attachment":[{"href":"https:\/\/cpps.pt\/es\/wp-json\/wp\/v2\/media?parent=51018"}],"wp:term":[{"taxonomy":"category","embeddable":true,"href":"https:\/\/cpps.pt\/es\/wp-json\/wp\/v2\/categories?post=51018"},{"taxonomy":"post_tag","embeddable":true,"href":"https:\/\/cpps.pt\/es\/wp-json\/wp\/v2\/tags?post=51018"}],"curies":[{"name":"wp","href":"https:\/\/api.w.org\/{rel}","templated":true}]}}