{"id":51109,"date":"2026-04-26T08:53:00","date_gmt":"2026-04-26T07:53:00","guid":{"rendered":"https:\/\/cpps.pt\/?p=51109"},"modified":"2026-04-26T08:51:30","modified_gmt":"2026-04-26T07:51:30","slug":"dia-mundial-de-oracao-pelas-vocacoes","status":"publish","type":"post","link":"https:\/\/cpps.pt\/es\/dia-mundial-de-oracao-pelas-vocacoes\/","title":{"rendered":"\u00a0Jornada Mundial de Oraci\u00f3n por las Vocaciones"},"content":{"rendered":"<p>Hoje \u00e9 o dia mundial de ora\u00e7\u00e3o pelas voca\u00e7\u00f5es. Significa agradecer ao Senhor por tantos homens e mulheres que entregam a sua vida ao servi\u00e7o do Evangelho, e rezar para que continuem a existir SIMs comprometidos. <\/p>\n\n\n\n<figure class=\"wp-block-image size-full\"><img fetchpriority=\"high\" decoding=\"async\" width=\"900\" height=\"919\" src=\"https:\/\/cpps.pt\/wp-content\/uploads\/2026\/04\/V1.jpg?wsr\" alt=\"\" class=\"wp-image-51113\" srcset=\"https:\/\/cpps.pt\/wp-content\/uploads\/2026\/04\/V1.jpg 900w, https:\/\/cpps.pt\/wp-content\/uploads\/2026\/04\/V1-768x784.jpg 768w, https:\/\/cpps.pt\/wp-content\/uploads\/2026\/04\/V1-12x12.jpg 12w\" sizes=\"(max-width: 900px) 100vw, 900px\" \/><\/figure>\n\n\n\n<p>O Papa Le\u00e3o XIV na sua mensagem para este dia chama a aten\u00e7\u00e3o para a &#8220;A descoberta interior do dom de Deus&#8221;. Foca-se em 4 dimens\u00f5es: a via da beleza, o conhecimento rec\u00edproco, a confian\u00e7a e o amadurecimento. Eis algumas afirma\u00e7\u00f5es para descobrir, compreender ou viver a voca\u00e7\u00e3o: <\/p>\n\n\n\n<p><strong><em>&#8220;S\u00f3 quem se det\u00e9m, escuta, reza e acolhe o Seu olhar pode dizer com confian\u00e7a: \u201cAcredito n\u2019Ele, com Ele a vida pode ser realmente bela, quero percorrer a via desta beleza\u201d. E o mais extraordin\u00e1rio \u00e9 que, ao tornarmo-nos seus disc\u00edpulos, nos tornamos tamb\u00e9m \u201cbelos\u201d: a sua beleza transfigura-nos.&#8221;<\/em><\/strong><\/p>\n\n\n\n<p><em>&#8220;Cada voca\u00e7\u00e3o s\u00f3 pode come\u00e7ar a partir da consci\u00eancia e da experi\u00eancia de um Deus que \u00e9 Amor (cf.&nbsp;1 Jo&nbsp;4, 16): Ele conhece-nos profundamente, contou os cabelos da nossa cabe\u00e7a (cf.&nbsp;Mt&nbsp;10, 30) e para cada um pensou um caminho \u00fanico de santidade e servi\u00e7o. No entanto, este conhecimento deve ser sempre rec\u00edproco: somos convidados a conhecer Deus atrav\u00e9s da ora\u00e7\u00e3o, da escuta da Palavra, dos Sacramentos, da vida da Igreja e da doa\u00e7\u00e3o aos irm\u00e3os e irm\u00e3s.&#8221;<\/em><\/p>\n\n\n\n<p><strong><em>&#8220;Do conhecimento nasce a confian\u00e7a, uma atitude que \u00e9 filha da f\u00e9, essencial tanto para acolher a voca\u00e7\u00e3o como para perseverar nela. A vida, efetivamente, revela-se como um cont\u00ednuo confiar e abandonar-se ao Senhor, mesmo quando os seus planos perturbam os nossos.&#8221;<\/em><\/strong><\/p>\n\n\n\n<p><em>&#8220;A voca\u00e7\u00e3o, na verdade, n\u00e3o \u00e9 uma meta est\u00e1tica, mas um processo din\u00e2mico de amadurecimento, favorecido pela intimidade com o Senhor: estar com Jesus, deixar o Esp\u00edrito Santo agir nos cora\u00e7\u00f5es e nas situa\u00e7\u00f5es da vida e reler tudo \u00e0 luz do dom recebido significa crescer na voca\u00e7\u00e3o.&#8221;<\/em><\/p>\n\n\n\n<p><strong><em>&nbsp;&#8220;\u00e9 antes um caminho que se desenvolve de forma an\u00e1loga \u00e0 vida humana, em que o dom recebido, al\u00e9m de ser guardado, deve alimentar-se de uma rela\u00e7\u00e3o quotidiana com Deus para poder crescer e dar fruto. \u00abIsto tem um grande valor, porque coloca toda a nossa vida diante de Deus que nos ama, permitindo-nos compreender que nada \u00e9 fruto dum caos sem sentido, mas, pelo contr\u00e1rio, tudo pode ser inserido num caminho de resposta ao Senhor, que tem um projeto estupendo para n\u00f3s\u00bb.&#8221;&nbsp;<\/em><\/strong><\/p>\n\n\n\n<p>A fonte da voca\u00e7\u00e3o est\u00e1 em Jesus Cristo. A voca\u00e7\u00e3o \u00e9 um projecto de amor e felicidade. S. Gaspar del B\u00fafalo, S. Maria de Matia, Beato Jo\u00e3o Merlini, e outras figuras da igreja s\u00e3o exemplos para seguir Jesus de perto. Hoje agrade\u00e7a da Deus o dom da voca\u00e7\u00e3o dos Padres CPPS: Paulino, Jos\u00e9 Maria Borreguero, Juan Eug\u00e9nio, Ant\u00f3nio Conde, Luis Manuel, Virg\u00edlio, Eduardo, Lima, Florentino, Ant\u00f3nio Panea, Lu\u00eds Filipe, Andoni, Jos\u00e9 Maria Parejo, Adelino&#8230; e por tantos outros que os precederam!<\/p>\n\n\n\n<p>J\u00e1 pensastes que Deus te chama? Tens uma voca\u00e7\u00e3o? Responde&#8230; SIM<\/p>","protected":false},"excerpt":{"rendered":"<p>Hoje \u00e9 o dia mundial de ora\u00e7\u00e3o pelas voca\u00e7\u00f5es. Significa agradecer ao Senhor por tantos homens e mulheres que entregam a sua vida ao servi\u00e7o do Evangelho, e rezar para que continuem a existir SIMs comprometidos. O Papa Le\u00e3o XIV na sua mensagem para este dia chama a aten\u00e7\u00e3o para a &#8220;A descoberta interior do [&hellip;]<\/p>","protected":false},"author":3,"featured_media":51116,"comment_status":"open","ping_status":"open","sticky":false,"template":"","format":"standard","meta":{"iawp_total_views":45,"footnotes":""},"categories":[43,90,122,147],"tags":[148],"class_list":["post-51109","post","type-post","status-publish","format-standard","has-post-thumbnail","hentry","category-preciosissimo-sangue","category-sao-gaspar-del-bufalo","category-vida-consagrada","category-vocacoes","tag-vocacoes"],"_links":{"self":[{"href":"https:\/\/cpps.pt\/es\/wp-json\/wp\/v2\/posts\/51109"}],"collection":[{"href":"https:\/\/cpps.pt\/es\/wp-json\/wp\/v2\/posts"}],"about":[{"href":"https:\/\/cpps.pt\/es\/wp-json\/wp\/v2\/types\/post"}],"author":[{"embeddable":true,"href":"https:\/\/cpps.pt\/es\/wp-json\/wp\/v2\/users\/3"}],"replies":[{"embeddable":true,"href":"https:\/\/cpps.pt\/es\/wp-json\/wp\/v2\/comments?post=51109"}],"version-history":[{"count":3,"href":"https:\/\/cpps.pt\/es\/wp-json\/wp\/v2\/posts\/51109\/revisions"}],"predecessor-version":[{"id":51115,"href":"https:\/\/cpps.pt\/es\/wp-json\/wp\/v2\/posts\/51109\/revisions\/51115"}],"wp:featuredmedia":[{"embeddable":true,"href":"https:\/\/cpps.pt\/es\/wp-json\/wp\/v2\/media\/51116"}],"wp:attachment":[{"href":"https:\/\/cpps.pt\/es\/wp-json\/wp\/v2\/media?parent=51109"}],"wp:term":[{"taxonomy":"category","embeddable":true,"href":"https:\/\/cpps.pt\/es\/wp-json\/wp\/v2\/categories?post=51109"},{"taxonomy":"post_tag","embeddable":true,"href":"https:\/\/cpps.pt\/es\/wp-json\/wp\/v2\/tags?post=51109"}],"curies":[{"name":"wp","href":"https:\/\/api.w.org\/{rel}","templated":true}]}}